{"id":18765,"date":"2016-11-09T11:48:05","date_gmt":"2016-11-09T11:48:05","guid":{"rendered":"https:\/\/www.poelsan.com\/uncategorized\/eima-international-2016\/"},"modified":"2016-11-09T11:48:05","modified_gmt":"2016-11-09T11:48:05","slug":"eima-international-2016","status":"publish","type":"post","link":"https:\/\/www.poelsan.com\/en\/events\/eima-international-2016\/","title":{"rendered":"EIMA International 2016"},"content":{"rendered":"<h3>EIMA International 2016<\/h3>\n<p>As Poelsan, we took our place in EIMA International 2016 held in Bologna &#8211; Italy, the most important International Agricultural and Garden Machinery Fair of Europe.<\/p>\n<p>With an area of 375,000 m2 and 1,920 exhibitors from 48 countries, EIMA has established itself as a reference for the agricultural machinery industry in recent years.<\/p>\n<p><img decoding=\"async\" src=\"https:\/\/www.poelsan.com\/wp-content\/uploads\/2020\/04\/Eima-2016-3-300x225.jpg\"><\/p>\n","protected":false},"excerpt":{"rendered":"<p>EIMA International 2016 As Poelsan, we took our place in EIMA International 2016 held in Bologna &#8211; Italy, the most important International Agricultural and Garden Machinery Fair of Europe. With an area of 375,000 m2 and 1,920 exhibitors from 48 countries, EIMA has established itself as a reference for the agricultural machinery industry in recent [&hellip;]<\/p>\n","protected":false},"author":2,"featured_media":16555,"comment_status":"closed","ping_status":"open","sticky":false,"template":"","format":"image","meta":{"_acf_changed":false,"footnotes":""},"categories":[6249],"tags":[6229,6265,6268,6262,6263,6264,6266],"class_list":["post-18765","post","type-post","status-publish","format-image","has-post-thumbnail","hentry","category-events","tag-2016-en","tag-agriculture","tag-bologna-en","tag-eima-en","tag-international-en","tag-italya-en","tag-machine-en","post_format-post-format-image"],"acf":[],"yoast_head":"<!-- This site is optimized with the Yoast SEO plugin v25.9 - https:\/\/yoast.com\/wordpress\/plugins\/seo\/ -->\n<title>EIMA International 2016 - Poelsan<\/title>\n<meta name=\"robots\" content=\"index, follow, max-snippet:-1, max-image-preview:large, max-video-preview:-1\" \/>\n<link rel=\"canonical\" href=\"https:\/\/www.poelsan.com\/en\/events\/eima-international-2016\/\" \/>\n<meta property=\"og:locale\" content=\"en_US\" \/>\n<meta property=\"og:type\" content=\"article\" \/>\n<meta property=\"og:title\" content=\"EIMA International 2016 - Poelsan\" \/>\n<meta property=\"og:description\" content=\"EIMA International 2016 As Poelsan, we took our place in EIMA International 2016 held in Bologna &#8211; Italy, the most important International Agricultural and Garden Machinery Fair of Europe. With an area of 375,000 m2 and 1,920 exhibitors from 48 countries, EIMA has established itself as a reference for the agricultural machinery industry in recent [&hellip;]\" \/>\n<meta property=\"og:url\" content=\"https:\/\/www.poelsan.com\/en\/events\/eima-international-2016\/\" \/>\n<meta property=\"og:site_name\" content=\"Poelsan\" \/>\n<meta property=\"article:publisher\" content=\"https:\/\/www.facebook.com\/poelsanplastik\/\" \/>\n<meta property=\"article:published_time\" content=\"2016-11-09T11:48:05+00:00\" \/>\n<meta property=\"og:image\" content=\"https:\/\/www.poelsan.com\/wp-content\/uploads\/2020\/04\/Eima-2016-1.jpg\" \/>\n\t<meta property=\"og:image:width\" content=\"1600\" \/>\n\t<meta property=\"og:image:height\" content=\"1200\" \/>\n\t<meta property=\"og:image:type\" content=\"image\/jpeg\" \/>\n<meta name=\"author\" content=\"admin\" \/>\n<meta name=\"twitter:card\" content=\"summary_large_image\" \/>\n<meta name=\"twitter:label1\" content=\"Written by\" \/>\n\t<meta name=\"twitter:data1\" content=\"admin\" \/>\n<script type=\"application\/ld+json\" class=\"yoast-schema-graph\">{\"@context\":\"https:\/\/schema.org\",\"@graph\":[{\"@type\":\"Article\",\"@id\":\"https:\/\/www.poelsan.com\/en\/events\/eima-international-2016\/#article\",\"isPartOf\":{\"@id\":\"https:\/\/www.poelsan.com\/en\/events\/eima-international-2016\/\"},\"author\":{\"name\":\"admin\",\"@id\":\"https:\/\/www.poelsan.com\/en\/#\/schema\/person\/2dbe2f46d0536db79d76a950574ec571\"},\"headline\":\"EIMA International 2016\",\"datePublished\":\"2016-11-09T11:48:05+00:00\",\"mainEntityOfPage\":{\"@id\":\"https:\/\/www.poelsan.com\/en\/events\/eima-international-2016\/\"},\"wordCount\":53,\"publisher\":{\"@id\":\"https:\/\/www.poelsan.com\/en\/#organization\"},\"image\":{\"@id\":\"https:\/\/www.poelsan.com\/en\/events\/eima-international-2016\/#primaryimage\"},\"thumbnailUrl\":\"https:\/\/www.poelsan.com\/wp-content\/uploads\/2020\/04\/Eima-2016-1.jpg\",\"keywords\":[\"2016\",\"Agriculture\",\"bologna\",\"Eima\",\"International\",\"italya\",\"machine\"],\"articleSection\":[\"Events\"],\"inLanguage\":\"en-US\"},{\"@type\":\"WebPage\",\"@id\":\"https:\/\/www.poelsan.com\/en\/events\/eima-international-2016\/\",\"url\":\"https:\/\/www.poelsan.com\/en\/events\/eima-international-2016\/\",\"name\":\"EIMA International 2016 - Poelsan\",\"isPartOf\":{\"@id\":\"https:\/\/www.poelsan.com\/en\/#website\"},\"primaryImageOfPage\":{\"@id\":\"https:\/\/www.poelsan.com\/en\/events\/eima-international-2016\/#primaryimage\"},\"image\":{\"@id\":\"https:\/\/www.poelsan.com\/en\/events\/eima-international-2016\/#primaryimage\"},\"thumbnailUrl\":\"https:\/\/www.poelsan.com\/wp-content\/uploads\/2020\/04\/Eima-2016-1.jpg\",\"datePublished\":\"2016-11-09T11:48:05+00:00\",\"breadcrumb\":{\"@id\":\"https:\/\/www.poelsan.com\/en\/events\/eima-international-2016\/#breadcrumb\"},\"inLanguage\":\"en-US\",\"potentialAction\":[{\"@type\":\"ReadAction\",\"target\":[\"https:\/\/www.poelsan.com\/en\/events\/eima-international-2016\/\"]}]},{\"@type\":\"ImageObject\",\"inLanguage\":\"en-US\",\"@id\":\"https:\/\/www.poelsan.com\/en\/events\/eima-international-2016\/#primaryimage\",\"url\":\"https:\/\/www.poelsan.com\/wp-content\/uploads\/2020\/04\/Eima-2016-1.jpg\",\"contentUrl\":\"https:\/\/www.poelsan.com\/wp-content\/uploads\/2020\/04\/Eima-2016-1.jpg\",\"width\":1600,\"height\":1200},{\"@type\":\"BreadcrumbList\",\"@id\":\"https:\/\/www.poelsan.com\/en\/events\/eima-international-2016\/#breadcrumb\",\"itemListElement\":[{\"@type\":\"ListItem\",\"position\":1,\"name\":\"Home\",\"item\":\"https:\/\/www.poelsan.com\/en\/\"},{\"@type\":\"ListItem\",\"position\":2,\"name\":\"EIMA International 2016\"}]},{\"@type\":\"WebSite\",\"@id\":\"https:\/\/www.poelsan.com\/en\/#website\",\"url\":\"https:\/\/www.poelsan.com\/en\/\",\"name\":\"Poelsan: Sekt\u00f6r\u00fcnde D\u00fcnya Markas\u0131\",\"description\":\"Sekt\u00f6r\u00fcnde D\u00fcnya Markas\u0131\",\"publisher\":{\"@id\":\"https:\/\/www.poelsan.com\/en\/#organization\"},\"potentialAction\":[{\"@type\":\"SearchAction\",\"target\":{\"@type\":\"EntryPoint\",\"urlTemplate\":\"https:\/\/www.poelsan.com\/en\/?s={search_term_string}\"},\"query-input\":{\"@type\":\"PropertyValueSpecification\",\"valueRequired\":true,\"valueName\":\"search_term_string\"}}],\"inLanguage\":\"en-US\"},{\"@type\":\"Organization\",\"@id\":\"https:\/\/www.poelsan.com\/en\/#organization\",\"name\":\"Poelsan: Sekt\u00f6r\u00fcnde D\u00fcnya Markas\u0131\",\"url\":\"https:\/\/www.poelsan.com\/en\/\",\"logo\":{\"@type\":\"ImageObject\",\"inLanguage\":\"en-US\",\"@id\":\"https:\/\/www.poelsan.com\/en\/#\/schema\/logo\/image\/\",\"url\":\"https:\/\/www.poelsan.com\/wp-content\/uploads\/2025\/09\/poelsan.png\",\"contentUrl\":\"https:\/\/www.poelsan.com\/wp-content\/uploads\/2025\/09\/poelsan.png\",\"width\":1200,\"height\":675,\"caption\":\"Poelsan: Sekt\u00f6r\u00fcnde D\u00fcnya Markas\u0131\"},\"image\":{\"@id\":\"https:\/\/www.poelsan.com\/en\/#\/schema\/logo\/image\/\"},\"sameAs\":[\"https:\/\/www.facebook.com\/poelsanplastik\/\",\"https:\/\/www.instagram.com\/explore\/locations\/541106002887674\/poelsan-plastik-san-ve-tic-as\/\"]},{\"@type\":\"Person\",\"@id\":\"https:\/\/www.poelsan.com\/en\/#\/schema\/person\/2dbe2f46d0536db79d76a950574ec571\",\"name\":\"admin\",\"image\":{\"@type\":\"ImageObject\",\"inLanguage\":\"en-US\",\"@id\":\"https:\/\/www.poelsan.com\/en\/#\/schema\/person\/image\/\",\"url\":\"https:\/\/secure.gravatar.com\/avatar\/be2cd322815b6bc51f20ed77607d971d2fc74438b6f5b3db8c3600ff5a1e7f13?s=80&d=mm&r=g\",\"contentUrl\":\"https:\/\/secure.gravatar.com\/avatar\/be2cd322815b6bc51f20ed77607d971d2fc74438b6f5b3db8c3600ff5a1e7f13?s=80&d=mm&r=g\",\"caption\":\"admin\"}}]}<\/script>\n<!-- \/ Yoast SEO plugin. -->","yoast_head_json":{"title":"EIMA International 2016 - Poelsan","robots":{"index":"index","follow":"follow","max-snippet":"max-snippet:-1","max-image-preview":"max-image-preview:large","max-video-preview":"max-video-preview:-1"},"canonical":"https:\/\/www.poelsan.com\/en\/events\/eima-international-2016\/","og_locale":"en_US","og_type":"article","og_title":"EIMA International 2016 - Poelsan","og_description":"EIMA International 2016 As Poelsan, we took our place in EIMA International 2016 held in Bologna &#8211; Italy, the most important International Agricultural and Garden Machinery Fair of Europe. With an area of 375,000 m2 and 1,920 exhibitors from 48 countries, EIMA has established itself as a reference for the agricultural machinery industry in recent [&hellip;]","og_url":"https:\/\/www.poelsan.com\/en\/events\/eima-international-2016\/","og_site_name":"Poelsan","article_publisher":"https:\/\/www.facebook.com\/poelsanplastik\/","article_published_time":"2016-11-09T11:48:05+00:00","og_image":[{"width":1600,"height":1200,"url":"https:\/\/www.poelsan.com\/wp-content\/uploads\/2020\/04\/Eima-2016-1.jpg","type":"image\/jpeg"}],"author":"admin","twitter_card":"summary_large_image","twitter_misc":{"Written by":"admin"},"schema":{"@context":"https:\/\/schema.org","@graph":[{"@type":"Article","@id":"https:\/\/www.poelsan.com\/en\/events\/eima-international-2016\/#article","isPartOf":{"@id":"https:\/\/www.poelsan.com\/en\/events\/eima-international-2016\/"},"author":{"name":"admin","@id":"https:\/\/www.poelsan.com\/en\/#\/schema\/person\/2dbe2f46d0536db79d76a950574ec571"},"headline":"EIMA International 2016","datePublished":"2016-11-09T11:48:05+00:00","mainEntityOfPage":{"@id":"https:\/\/www.poelsan.com\/en\/events\/eima-international-2016\/"},"wordCount":53,"publisher":{"@id":"https:\/\/www.poelsan.com\/en\/#organization"},"image":{"@id":"https:\/\/www.poelsan.com\/en\/events\/eima-international-2016\/#primaryimage"},"thumbnailUrl":"https:\/\/www.poelsan.com\/wp-content\/uploads\/2020\/04\/Eima-2016-1.jpg","keywords":["2016","Agriculture","bologna","Eima","International","italya","machine"],"articleSection":["Events"],"inLanguage":"en-US"},{"@type":"WebPage","@id":"https:\/\/www.poelsan.com\/en\/events\/eima-international-2016\/","url":"https:\/\/www.poelsan.com\/en\/events\/eima-international-2016\/","name":"EIMA International 2016 - Poelsan","isPartOf":{"@id":"https:\/\/www.poelsan.com\/en\/#website"},"primaryImageOfPage":{"@id":"https:\/\/www.poelsan.com\/en\/events\/eima-international-2016\/#primaryimage"},"image":{"@id":"https:\/\/www.poelsan.com\/en\/events\/eima-international-2016\/#primaryimage"},"thumbnailUrl":"https:\/\/www.poelsan.com\/wp-content\/uploads\/2020\/04\/Eima-2016-1.jpg","datePublished":"2016-11-09T11:48:05+00:00","breadcrumb":{"@id":"https:\/\/www.poelsan.com\/en\/events\/eima-international-2016\/#breadcrumb"},"inLanguage":"en-US","potentialAction":[{"@type":"ReadAction","target":["https:\/\/www.poelsan.com\/en\/events\/eima-international-2016\/"]}]},{"@type":"ImageObject","inLanguage":"en-US","@id":"https:\/\/www.poelsan.com\/en\/events\/eima-international-2016\/#primaryimage","url":"https:\/\/www.poelsan.com\/wp-content\/uploads\/2020\/04\/Eima-2016-1.jpg","contentUrl":"https:\/\/www.poelsan.com\/wp-content\/uploads\/2020\/04\/Eima-2016-1.jpg","width":1600,"height":1200},{"@type":"BreadcrumbList","@id":"https:\/\/www.poelsan.com\/en\/events\/eima-international-2016\/#breadcrumb","itemListElement":[{"@type":"ListItem","position":1,"name":"Home","item":"https:\/\/www.poelsan.com\/en\/"},{"@type":"ListItem","position":2,"name":"EIMA International 2016"}]},{"@type":"WebSite","@id":"https:\/\/www.poelsan.com\/en\/#website","url":"https:\/\/www.poelsan.com\/en\/","name":"Poelsan: Sekt\u00f6r\u00fcnde D\u00fcnya Markas\u0131","description":"Sekt\u00f6r\u00fcnde D\u00fcnya Markas\u0131","publisher":{"@id":"https:\/\/www.poelsan.com\/en\/#organization"},"potentialAction":[{"@type":"SearchAction","target":{"@type":"EntryPoint","urlTemplate":"https:\/\/www.poelsan.com\/en\/?s={search_term_string}"},"query-input":{"@type":"PropertyValueSpecification","valueRequired":true,"valueName":"search_term_string"}}],"inLanguage":"en-US"},{"@type":"Organization","@id":"https:\/\/www.poelsan.com\/en\/#organization","name":"Poelsan: Sekt\u00f6r\u00fcnde D\u00fcnya Markas\u0131","url":"https:\/\/www.poelsan.com\/en\/","logo":{"@type":"ImageObject","inLanguage":"en-US","@id":"https:\/\/www.poelsan.com\/en\/#\/schema\/logo\/image\/","url":"https:\/\/www.poelsan.com\/wp-content\/uploads\/2025\/09\/poelsan.png","contentUrl":"https:\/\/www.poelsan.com\/wp-content\/uploads\/2025\/09\/poelsan.png","width":1200,"height":675,"caption":"Poelsan: Sekt\u00f6r\u00fcnde D\u00fcnya Markas\u0131"},"image":{"@id":"https:\/\/www.poelsan.com\/en\/#\/schema\/logo\/image\/"},"sameAs":["https:\/\/www.facebook.com\/poelsanplastik\/","https:\/\/www.instagram.com\/explore\/locations\/541106002887674\/poelsan-plastik-san-ve-tic-as\/"]},{"@type":"Person","@id":"https:\/\/www.poelsan.com\/en\/#\/schema\/person\/2dbe2f46d0536db79d76a950574ec571","name":"admin","image":{"@type":"ImageObject","inLanguage":"en-US","@id":"https:\/\/www.poelsan.com\/en\/#\/schema\/person\/image\/","url":"https:\/\/secure.gravatar.com\/avatar\/be2cd322815b6bc51f20ed77607d971d2fc74438b6f5b3db8c3600ff5a1e7f13?s=80&d=mm&r=g","contentUrl":"https:\/\/secure.gravatar.com\/avatar\/be2cd322815b6bc51f20ed77607d971d2fc74438b6f5b3db8c3600ff5a1e7f13?s=80&d=mm&r=g","caption":"admin"}}]}},"_links":{"self":[{"href":"https:\/\/www.poelsan.com\/en\/wp-json\/wp\/v2\/posts\/18765","targetHints":{"allow":["GET"]}}],"collection":[{"href":"https:\/\/www.poelsan.com\/en\/wp-json\/wp\/v2\/posts"}],"about":[{"href":"https:\/\/www.poelsan.com\/en\/wp-json\/wp\/v2\/types\/post"}],"author":[{"embeddable":true,"href":"https:\/\/www.poelsan.com\/en\/wp-json\/wp\/v2\/users\/2"}],"replies":[{"embeddable":true,"href":"https:\/\/www.poelsan.com\/en\/wp-json\/wp\/v2\/comments?post=18765"}],"version-history":[{"count":0,"href":"https:\/\/www.poelsan.com\/en\/wp-json\/wp\/v2\/posts\/18765\/revisions"}],"wp:featuredmedia":[{"embeddable":true,"href":"https:\/\/www.poelsan.com\/en\/wp-json\/wp\/v2\/media\/16555"}],"wp:attachment":[{"href":"https:\/\/www.poelsan.com\/en\/wp-json\/wp\/v2\/media?parent=18765"}],"wp:term":[{"taxonomy":"category","embeddable":true,"href":"https:\/\/www.poelsan.com\/en\/wp-json\/wp\/v2\/categories?post=18765"},{"taxonomy":"post_tag","embeddable":true,"href":"https:\/\/www.poelsan.com\/en\/wp-json\/wp\/v2\/tags?post=18765"}],"curies":[{"name":"wp","href":"https:\/\/api.w.org\/{rel}","templated":true}]}}